{"id":11792,"date":"2019-09-23T09:45:12","date_gmt":"2019-09-23T14:45:12","guid":{"rendered":"https:\/\/colclama.edu.co\/web\/?p=11792"},"modified":"2019-09-23T09:45:12","modified_gmt":"2019-09-23T14:45:12","slug":"la-biblioteca-escolar-como-espacio-cultural","status":"publish","type":"post","link":"https:\/\/colclama.edu.co\/web\/la-biblioteca-escolar-como-espacio-cultural\/","title":{"rendered":"La biblioteca escolar como espacio cultural"},"content":{"rendered":"<div>\n<div>\n<div>Reciban un cordial saludo,<\/div>\n<div><\/div>\n<div>En el marco del Plan Nacional de Lectura y Escritura (PNLE), el Ministerio de Educaci\u00f3n Nacional suscribi\u00f3 un Convenio con el Centro Regional para el Fomento del Libro en Am\u00e9rica Latina y el Caribe (CERLALC) para el desarrollo del proyecto\u00a0Redes\u00a0de Aprendizaje.<\/div>\n<div><\/div>\n<div>Uno de los objetivos de este proyecto es ampliar la conceptualizaci\u00f3n y comprensi\u00f3n alrededor de la biblioteca escolar y los procesos de lectura y escritura desde la escuela, mediante el desarrollo de un ciclo de seis (6) conferencias virtuales dirigidas a estudiantes de licenciatura y de pedagog\u00eda de \u00faltimos semestres, de universidades certificadas del pa\u00eds, de modo que se fortalezcan sus conocimientos y futuras pr\u00e1cticas en esa materia.<\/div>\n<div><\/div>\n<div>Las tem\u00e1ticas que se abordar\u00e1n son:<\/div>\n<div><\/div>\n<div>1.\u00a0\u00a0\u00a0\u00a0\u00a0\u00a0Promoci\u00f3n de procesos de lectura y escritura en Primera Infancia<\/div>\n<div>2.\u00a0\u00a0\u00a0\u00a0\u00a0\u00a0La biblioteca escolar como espacio cultural<\/div>\n<div>3.\u00a0\u00a0\u00a0\u00a0\u00a0\u00a0Desarrollo lector en la Primera Infancia<\/div>\n<div>4.\u00a0\u00a0\u00a0\u00a0\u00a0\u00a0La oralidad en la escuela<\/div>\n<div>5.\u00a0\u00a0\u00a0\u00a0\u00a0\u00a0Lecturas en el marco de la educaci\u00f3n inclusiva<\/div>\n<div>6.\u00a0\u00a0\u00a0\u00a0\u00a0\u00a0Perspectivas y tendencias de las pr\u00e1cticas de lectura en la escuela<\/div>\n<div><img decoding=\"async\" src=\"https:\/\/files.constantcontact.com\/2907a892601\/e2b910aa-e9df-4968-99e1-64d244338a74.png\" border=\"0\" hspace=\"0\" vspace=\"0\" data-imagetype=\"External\" \/><\/div>\n<\/div>\n<div><a href=\"https:\/\/www.youtube.com\/watch?v=TPcZeBxTe2Q&amp;feature=youtu.be\"><img decoding=\"async\" src=\"https:\/\/files.constantcontact.com\/2907a892601\/30dbbefd-dd55-4b84-929d-28458e3f7043.png\" border=\"0\" hspace=\"0\" vspace=\"0\" data-imagetype=\"External\" \/><\/a><\/div>\n<div>\n<div><\/div>\n<\/div>\n<\/div>\n","protected":false},"excerpt":{"rendered":"<p>Reciban un cordial saludo, En el marco del Plan Nacional de Lectura y Escritura (PNLE), el Ministerio de Educaci\u00f3n Nacional suscribi\u00f3 un Convenio con el Centro Regional para el Fomento del Libro en Am\u00e9rica Latina y el Caribe (CERLALC) para &hellip; <\/p>\n","protected":false},"author":1,"featured_media":0,"comment_status":"closed","ping_status":"closed","sticky":false,"template":"","format":"standard","meta":{"footnotes":""},"categories":[3467],"tags":[],"class_list":["post-11792","post","type-post","status-publish","format-standard","hentry","category-noticias"],"_links":{"self":[{"href":"https:\/\/colclama.edu.co\/web\/wp-json\/wp\/v2\/posts\/11792","targetHints":{"allow":["GET"]}}],"collection":[{"href":"https:\/\/colclama.edu.co\/web\/wp-json\/wp\/v2\/posts"}],"about":[{"href":"https:\/\/colclama.edu.co\/web\/wp-json\/wp\/v2\/types\/post"}],"author":[{"embeddable":true,"href":"https:\/\/colclama.edu.co\/web\/wp-json\/wp\/v2\/users\/1"}],"replies":[{"embeddable":true,"href":"https:\/\/colclama.edu.co\/web\/wp-json\/wp\/v2\/comments?post=11792"}],"version-history":[{"count":1,"href":"https:\/\/colclama.edu.co\/web\/wp-json\/wp\/v2\/posts\/11792\/revisions"}],"predecessor-version":[{"id":11793,"href":"https:\/\/colclama.edu.co\/web\/wp-json\/wp\/v2\/posts\/11792\/revisions\/11793"}],"wp:attachment":[{"href":"https:\/\/colclama.edu.co\/web\/wp-json\/wp\/v2\/media?parent=11792"}],"wp:term":[{"taxonomy":"category","embeddable":true,"href":"https:\/\/colclama.edu.co\/web\/wp-json\/wp\/v2\/categories?post=11792"},{"taxonomy":"post_tag","embeddable":true,"href":"https:\/\/colclama.edu.co\/web\/wp-json\/wp\/v2\/tags?post=11792"}],"curies":[{"name":"wp","href":"https:\/\/api.w.org\/{rel}","templated":true}]}}